{"id":7928,"date":"2023-10-23T10:51:14","date_gmt":"2023-10-23T10:51:14","guid":{"rendered":"http:\/\/esap.pt\/noticias\/fatima-fernandes-e-michele-cannata-seminario-gli-architetti-delle-citta-matera\/"},"modified":"2023-10-23T10:56:23","modified_gmt":"2023-10-23T10:56:23","slug":"fatima-fernandes-e-michele-cannata-seminario-gli-architetti-delle-citta-matera","status":"publish","type":"noticias","link":"https:\/\/esap.pt\/en\/noticias\/fatima-fernandes-e-michele-cannata-seminario-gli-architetti-delle-citta-matera\/","title":{"rendered":"F\u00e1tima Fernandes and Michele Cannat\u00e0 | Seminar &#8220;Gli architetti delle citt\u00e0&#8221; (Matera)"},"content":{"rendered":"","protected":false},"featured_media":7930,"template":"","categorias_noticias":[],"class_list":["post-7928","noticias","type-noticias","status-publish","has-post-thumbnail","hentry"],"acf":[],"_links":{"self":[{"href":"https:\/\/esap.pt\/en\/wp-json\/wp\/v2\/noticias\/7928","targetHints":{"allow":["GET"]}}],"collection":[{"href":"https:\/\/esap.pt\/en\/wp-json\/wp\/v2\/noticias"}],"about":[{"href":"https:\/\/esap.pt\/en\/wp-json\/wp\/v2\/types\/noticias"}],"wp:featuredmedia":[{"embeddable":true,"href":"https:\/\/esap.pt\/en\/wp-json\/wp\/v2\/media\/7930"}],"wp:attachment":[{"href":"https:\/\/esap.pt\/en\/wp-json\/wp\/v2\/media?parent=7928"}],"wp:term":[{"taxonomy":"categorias_noticias","embeddable":true,"href":"https:\/\/esap.pt\/en\/wp-json\/wp\/v2\/categorias_noticias?post=7928"}],"curies":[{"name":"wp","href":"https:\/\/api.w.org\/{rel}","templated":true}]}}